{"id":946,"date":"2015-05-19T21:45:26","date_gmt":"2015-05-19T19:45:26","guid":{"rendered":"http:\/\/www2.prva.hr\/?p=946"},"modified":"2017-08-06T21:45:45","modified_gmt":"2017-08-06T19:45:45","slug":"prva-je-prava","status":"publish","type":"post","link":"https:\/\/prva.hr\/index.php\/2015\/05\/19\/prva-je-prava\/","title":{"rendered":"Prva je pr(a)va!"},"content":{"rendered":"<p>Dragi budu\u0107i u\u010denici I. gimnazije,<\/p>\n<p>&nbsp;<\/p>\n<p>pozivamo vas i va\u0161e roditelje na <strong>Dan otvorenih vrata I. gimnazije u \u010detvrtak, 21.5. u 18 sati<\/strong>.<\/p>\n<p>&nbsp;<\/p>\n<p>Veselimo se va\u0161em dolasku!<\/p>\n<p>&nbsp;<\/p>\n<p>&nbsp;<\/p>\n<p><img decoding=\"async\" data-src=\"http:\/\/www.prva.hr\/images\/pdf\/slika%20skole.jpg\" width=\"328\" height=\"220\" border=\"0\" src=\"data:image\/svg+xml;base64,PHN2ZyB3aWR0aD0iMSIgaGVpZ2h0PSIxIiB4bWxucz0iaHR0cDovL3d3dy53My5vcmcvMjAwMC9zdmciPjwvc3ZnPg==\" class=\"lazyload\" style=\"--smush-placeholder-width: 328px; --smush-placeholder-aspect-ratio: 328\/220;\" \/><\/p>\n<p>&nbsp;<\/p>\n<p>&nbsp;<\/p>\n<p>U\u010denici i nastavnici I. gimnazije<\/p>\n","protected":false},"excerpt":{"rendered":"<p>Dragi budu\u0107i u\u010denici I. gimnazije, &nbsp; pozivamo vas i va\u0161e roditelje na Dan otvorenih vrata I. gimnazije u \u010detvrtak, 21.5. u 18 sati. &nbsp; Veselimo se va\u0161em dolasku! &nbsp; &nbsp; &nbsp; &nbsp; U\u010denici i nastavnici I. gimnazije<\/p>\n","protected":false},"author":1,"featured_media":0,"comment_status":"closed","ping_status":"closed","sticky":false,"template":"","format":"standard","meta":{"_et_pb_use_builder":"","_et_pb_old_content":"","_et_gb_content_width":"","footnotes":""},"categories":[9],"tags":[],"class_list":["post-946","post","type-post","status-publish","format-standard","hentry","category-arhiva"],"_links":{"self":[{"href":"https:\/\/prva.hr\/index.php\/wp-json\/wp\/v2\/posts\/946","targetHints":{"allow":["GET"]}}],"collection":[{"href":"https:\/\/prva.hr\/index.php\/wp-json\/wp\/v2\/posts"}],"about":[{"href":"https:\/\/prva.hr\/index.php\/wp-json\/wp\/v2\/types\/post"}],"author":[{"embeddable":true,"href":"https:\/\/prva.hr\/index.php\/wp-json\/wp\/v2\/users\/1"}],"replies":[{"embeddable":true,"href":"https:\/\/prva.hr\/index.php\/wp-json\/wp\/v2\/comments?post=946"}],"version-history":[{"count":1,"href":"https:\/\/prva.hr\/index.php\/wp-json\/wp\/v2\/posts\/946\/revisions"}],"predecessor-version":[{"id":947,"href":"https:\/\/prva.hr\/index.php\/wp-json\/wp\/v2\/posts\/946\/revisions\/947"}],"wp:attachment":[{"href":"https:\/\/prva.hr\/index.php\/wp-json\/wp\/v2\/media?parent=946"}],"wp:term":[{"taxonomy":"category","embeddable":true,"href":"https:\/\/prva.hr\/index.php\/wp-json\/wp\/v2\/categories?post=946"},{"taxonomy":"post_tag","embeddable":true,"href":"https:\/\/prva.hr\/index.php\/wp-json\/wp\/v2\/tags?post=946"}],"curies":[{"name":"wp","href":"https:\/\/api.w.org\/{rel}","templated":true}]}}