{"id":9462,"date":"2021-05-14T14:42:54","date_gmt":"2021-05-14T12:42:54","guid":{"rendered":"http:\/\/www.prva.hr\/?p=9462"},"modified":"2021-05-14T14:42:54","modified_gmt":"2021-05-14T12:42:54","slug":"poziv-na-predavanje-za-roditelje-u-okviru-projekta-samo-da-znaci-da","status":"publish","type":"post","link":"https:\/\/prva.hr\/index.php\/2021\/05\/14\/poziv-na-predavanje-za-roditelje-u-okviru-projekta-samo-da-znaci-da\/","title":{"rendered":"Poziv na predavanje za roditelje u okviru projekta \u201cSamo da zna\u010di da!\u201d"},"content":{"rendered":"<p>Po\u0161tovani roditelji,<\/p>\n<p>Centar za gra\u0111anske inicijative Pore\u010d trenutno sudjeluje kao partnerska organizacija u provedbi projekta \u201cSamo da zna\u010di da!\u201d \u010dija nositeljica je \u017denska soba \u2013 Centar za seksualna prava.<br \/>\nPartneri na projektu su i Srednja \u0161kola Mate Balota Pore\u010d i Turisti\u010dko \u2013 ugostiteljska \u0161kola Antona \u0160tifani\u0107a Pore\u010d. Projekt je financijski podr\u017ean od strane Ministarstva rada, mirovinskoga sustava, obitelji i socijalne politike. Op\u0107i cilj projekta jest prevencija seksualnog i elektroni\u010dkog seksualnog nasilja nad i me\u0111u djecom i mladima.<\/p>\n<p>Ovim putem pozivamo Vas na besplatno javno predavanje naziva <strong>\u201eSeksualno nasilje nad i me\u0111u djecom i mladima\u201d koje \u0107e se odr\u017eati dana 17.05.2021. godine od 18 do 19 sati putem Zooma.<\/strong><\/p>\n<p>Predavanje \u0107e odr\u017eati voditeljica pravnog tima \u017denske sobe, Anamaria Dro\u017e\u0111an-Kranj\u010dec, mag.iur. Tijekom predavanja bit \u0107e obra\u0111ena tema seksualnog nasilja nad i me\u0111u djecom i mladima, a poseban naglasak bit \u0107e stavljen na prepoznavanje znakova koje ukazuju da dijete do\u017eivljava nasilje, kao i o mogu\u0107nostima za\u0161tite, pomo\u0107i i podr\u0161ke djeci. Nakon predavanja, bit \u0107e ostavljen prostor za pitanja i diskusiju.<\/p>\n<p><strong>Ukoliko ste zainteresirani, pozivamo Vas da svoje sudjelovanje prijavite najkasnije do 17.05.2021. godine do 12 sati putem e-maila silvia@cgiporec.hr.<\/strong> Nakon prijave \u0107e Vam biti proslije\u0111ena poveznica za uklju\u010denje na predavanje.<\/p>\n<p>Poveznicu na doga\u0111anje na Facebooku:\u00a0<a href=\"https:\/\/fb.me\/e\/e0wfJlbYx\" target=\"_blank\" rel=\"noopener noreferrer\" data-saferedirecturl=\"https:\/\/www.google.com\/url?q=https:\/\/fb.me\/e\/e0wfJlbYx&amp;source=gmail&amp;ust=1621080789221000&amp;usg=AFQjCNEMzf8JeLrcpx5REzyAQ0cGHsrRcQ\">https:\/\/fb.me\/e\/e0wfJlbYx<\/a><\/p>\n","protected":false},"excerpt":{"rendered":"<p>Po\u0161tovani roditelji, Centar za gra\u0111anske inicijative Pore\u010d trenutno sudjeluje kao partnerska organizacija u provedbi projekta \u201cSamo da zna\u010di da!\u201d \u010dija nositeljica je \u017denska soba \u2013 Centar za seksualna prava. Partneri na projektu su i Srednja \u0161kola Mate Balota Pore\u010d i Turisti\u010dko \u2013 ugostiteljska \u0161kola Antona \u0160tifani\u0107a Pore\u010d. Projekt je financijski podr\u017ean od strane Ministarstva rada, [&hellip;]<\/p>\n","protected":false},"author":7,"featured_media":0,"comment_status":"closed","ping_status":"closed","sticky":false,"template":"","format":"standard","meta":{"_et_pb_use_builder":"","_et_pb_old_content":"","_et_gb_content_width":"","footnotes":""},"categories":[6,14,61],"tags":[],"class_list":["post-9462","post","type-post","status-publish","format-standard","hentry","category-aktualna-dogadanja","category-dogadanja-izvan-skole","category-vanjski-korisnici-korisne-poveznice"],"_links":{"self":[{"href":"https:\/\/prva.hr\/index.php\/wp-json\/wp\/v2\/posts\/9462","targetHints":{"allow":["GET"]}}],"collection":[{"href":"https:\/\/prva.hr\/index.php\/wp-json\/wp\/v2\/posts"}],"about":[{"href":"https:\/\/prva.hr\/index.php\/wp-json\/wp\/v2\/types\/post"}],"author":[{"embeddable":true,"href":"https:\/\/prva.hr\/index.php\/wp-json\/wp\/v2\/users\/7"}],"replies":[{"embeddable":true,"href":"https:\/\/prva.hr\/index.php\/wp-json\/wp\/v2\/comments?post=9462"}],"version-history":[{"count":1,"href":"https:\/\/prva.hr\/index.php\/wp-json\/wp\/v2\/posts\/9462\/revisions"}],"predecessor-version":[{"id":9463,"href":"https:\/\/prva.hr\/index.php\/wp-json\/wp\/v2\/posts\/9462\/revisions\/9463"}],"wp:attachment":[{"href":"https:\/\/prva.hr\/index.php\/wp-json\/wp\/v2\/media?parent=9462"}],"wp:term":[{"taxonomy":"category","embeddable":true,"href":"https:\/\/prva.hr\/index.php\/wp-json\/wp\/v2\/categories?post=9462"},{"taxonomy":"post_tag","embeddable":true,"href":"https:\/\/prva.hr\/index.php\/wp-json\/wp\/v2\/tags?post=9462"}],"curies":[{"name":"wp","href":"https:\/\/api.w.org\/{rel}","templated":true}]}}