{"id":9473,"date":"2021-05-17T08:19:44","date_gmt":"2021-05-17T06:19:44","guid":{"rendered":"http:\/\/www.prva.hr\/?p=9473"},"modified":"2021-05-17T08:22:48","modified_gmt":"2021-05-17T06:22:48","slug":"festivala-srednjoskolskog-frankofonog-kazalista-u-zagrebu","status":"publish","type":"post","link":"https:\/\/prva.hr\/index.php\/2021\/05\/17\/festivala-srednjoskolskog-frankofonog-kazalista-u-zagrebu\/","title":{"rendered":"Festival srednjo\u0161kolskog frankofonog kazali\u0161ta u Zagrebu"},"content":{"rendered":"<p><strong>U subotu, 8. svibnja, sudjelovali smo na prvom izdanju Festivala srednjo\u0161kolskog frankofonog kazali\u0161ta u Zagrebu. Rije\u010d je o projektu me\u0111ugradske i me\u0111unarodne suradnje srednjih \u0161kola kao mjesta susreta u\u010denika srednjih \u0161kola koji u\u010de francuski jezik.\u00a0 Predstave prvog <\/strong><strong>izdanja zagreba\u010dkog\u00a0Festivala srednjo\u0161kolskog frankofonog kazali\u0161ta<\/strong><strong>\u00a0<\/strong><strong>prikazane su na Facebook-live dok se\u00a0 u prostoru akademske\u00a0Scene F22\u00a0u Frankopanskoj 22 snimala sama ceremonija.<\/strong><\/p>\n<p>&nbsp;<\/p>\n<p>Na Festivalu su sudjelovali gimnazijalci iz Rumunjske, Italije, Crne Gore i Hrvatske, a u \u017eiriju su bili\u00a0 profesionalci iz podru\u010dja kulture, obrazovanja i diplomacije (ata\u0161e za obrazovnu i jezi\u010dnu suradnju u Francuskom veleposlanstvu i u Francuskom institutu u Hrvatskoj\u00a0<strong>Hugues Denisot<\/strong>, kazali\u0161na redateljica, spisateljica i redovita profesorica na Odsjeku produkcije na Akademiji dramske umjetnosti Sveu\u010dili\u0161ta u Zagrebu\u00a0<strong>Snje\u017eana Banovi\u0107<\/strong>, kazali\u0161ni redatelj i snimatelj\u00a0<strong>Kyril Rubinstein<\/strong>, umjetni\u010dka i kazali\u0161na pedagoginja\u00a0<strong>Grozdana Laji\u0107 Horvat\u00a0<\/strong>i kazali\u0161ni redatelj\u00a0<strong>Hrvoje Korbar<\/strong>).<\/p>\n<p>I taj \u017eiri dodijelio je na\u0161oj ekipi iz 3.c nagradu za najbolji scenarij. \u00a0A \u0161to smo izveli? Snjeguljicu i tri patuljka. Modernu verziju. Scenarij je napisala Rebecca Frangen. Cijelu pri\u010du re\u017eirao je Luka Dalbello. A ideje su davali \u010dlanovi skupine.<\/p>\n<p>Bravo Ana, Klara, Maria, Dea, Eila, Rebecca i Luka!<\/p>\n<p>Tatjana Bano\u017ei\u0107, prof.<\/p>\n","protected":false},"excerpt":{"rendered":"<p>U subotu, 8. svibnja, sudjelovali smo na prvom izdanju Festivala srednjo\u0161kolskog frankofonog kazali\u0161ta u Zagrebu. Rije\u010d je o projektu me\u0111ugradske i me\u0111unarodne suradnje srednjih \u0161kola kao mjesta susreta u\u010denika srednjih \u0161kola koji u\u010de francuski jezik.\u00a0 Predstave prvog izdanja zagreba\u010dkog\u00a0Festivala srednjo\u0161kolskog frankofonog kazali\u0161ta\u00a0prikazane su na Facebook-live dok se\u00a0 u prostoru akademske\u00a0Scene F22\u00a0u Frankopanskoj 22 snimala sama [&hellip;]<\/p>\n","protected":false},"author":7,"featured_media":9474,"comment_status":"closed","ping_status":"closed","sticky":false,"template":"","format":"standard","meta":{"_et_pb_use_builder":"","_et_pb_old_content":"","_et_gb_content_width":"","footnotes":""},"categories":[12,6,14],"tags":[],"class_list":["post-9473","post","type-post","status-publish","format-standard","has-post-thumbnail","hentry","category-osvrti","category-aktualna-dogadanja","category-dogadanja-izvan-skole"],"_links":{"self":[{"href":"https:\/\/prva.hr\/index.php\/wp-json\/wp\/v2\/posts\/9473","targetHints":{"allow":["GET"]}}],"collection":[{"href":"https:\/\/prva.hr\/index.php\/wp-json\/wp\/v2\/posts"}],"about":[{"href":"https:\/\/prva.hr\/index.php\/wp-json\/wp\/v2\/types\/post"}],"author":[{"embeddable":true,"href":"https:\/\/prva.hr\/index.php\/wp-json\/wp\/v2\/users\/7"}],"replies":[{"embeddable":true,"href":"https:\/\/prva.hr\/index.php\/wp-json\/wp\/v2\/comments?post=9473"}],"version-history":[{"count":2,"href":"https:\/\/prva.hr\/index.php\/wp-json\/wp\/v2\/posts\/9473\/revisions"}],"predecessor-version":[{"id":9476,"href":"https:\/\/prva.hr\/index.php\/wp-json\/wp\/v2\/posts\/9473\/revisions\/9476"}],"wp:featuredmedia":[{"embeddable":true,"href":"https:\/\/prva.hr\/index.php\/wp-json\/wp\/v2\/media\/9474"}],"wp:attachment":[{"href":"https:\/\/prva.hr\/index.php\/wp-json\/wp\/v2\/media?parent=9473"}],"wp:term":[{"taxonomy":"category","embeddable":true,"href":"https:\/\/prva.hr\/index.php\/wp-json\/wp\/v2\/categories?post=9473"},{"taxonomy":"post_tag","embeddable":true,"href":"https:\/\/prva.hr\/index.php\/wp-json\/wp\/v2\/tags?post=9473"}],"curies":[{"name":"wp","href":"https:\/\/api.w.org\/{rel}","templated":true}]}}