{"id":9478,"date":"2021-05-17T11:45:41","date_gmt":"2021-05-17T09:45:41","guid":{"rendered":"http:\/\/www.prva.hr\/?p=9478"},"modified":"2021-05-26T13:49:01","modified_gmt":"2021-05-26T11:49:01","slug":"1-i-3-mjesto-na-drzavnom-natjecanju-iz-hrvatskog-jezika","status":"publish","type":"post","link":"https:\/\/prva.hr\/index.php\/2021\/05\/17\/1-i-3-mjesto-na-drzavnom-natjecanju-iz-hrvatskog-jezika\/","title":{"rendered":"1. i 3. mjesto na dr\u017eavnom Natjecanju iz hrvatskog jezika"},"content":{"rendered":"<p>Od na\u0161ih natjecateljica, na dr\u017eavnom Natjecanju iz hrvatskog jezika, najbolje rezultate ostvarile su:<\/p>\n<p><strong>Gabrijela Soldan (4.c), 1. mjesto<\/strong>, mentor prof. Janji\u0107,<\/p>\n<p>i\u00a0\u00a0<strong>Marta Rimac (1.b),\u00a0 3. mjesto<\/strong>, mentorica prof. \u0160obar.<\/p>\n<p>\u010cestitke u\u010denicima i njihovim mentorima!<\/p>\n<p>&nbsp;<\/p>\n<p>\u010cak osam natjecateljica i \u010detiri mentora sudjelovalo je ove godine na dr\u017eavnom Natjecanju iz hrvatskog<br \/>\njezika. Zajedni\u010dkim fotografiranjem obilje\u017eili smo sjajan uspjeh.<\/p>\n<p>Na fotografiji: Ivan Janji\u0107 (mentor), Gabrijela Slodan, Lucija Kaurinovi\u0107 (2. razred), Marina Bogovi\u0107 (3.<br \/>\nrazred), Helena Begi\u0107 (mentorica), Anamarija Kragujevi\u0107 (1. razred), Marta Rimac (1. razred), Sara Brali\u0107<br \/>\n(2. razred), Martina \u0160obar (mentorica) i Nikolina Vrki\u0107 (mentorica)<\/p>\n<p>&nbsp;<\/p>\n<p><img decoding=\"async\" class=\"alignnone size-medium wp-image-9521 lazyload\" data-src=\"https:\/\/www.prva.hr\/wp-content\/uploads\/2021\/05\/\u0161-212x300.png\" alt=\"\" width=\"212\" height=\"300\" data-srcset=\"https:\/\/prva.hr\/wp-content\/uploads\/2021\/05\/\u0161-212x300.png 212w, https:\/\/prva.hr\/wp-content\/uploads\/2021\/05\/\u0161-723x1024.png 723w, https:\/\/prva.hr\/wp-content\/uploads\/2021\/05\/\u0161.png 753w\" data-sizes=\"(max-width: 212px) 100vw, 212px\" src=\"data:image\/svg+xml;base64,PHN2ZyB3aWR0aD0iMSIgaGVpZ2h0PSIxIiB4bWxucz0iaHR0cDovL3d3dy53My5vcmcvMjAwMC9zdmciPjwvc3ZnPg==\" style=\"--smush-placeholder-width: 212px; --smush-placeholder-aspect-ratio: 212\/300;\" \/><\/p>\n<p>&nbsp;<\/p>\n<p>&nbsp;<\/p>\n<p>&nbsp;<\/p>\n","protected":false},"excerpt":{"rendered":"<p>Od na\u0161ih natjecateljica, na dr\u017eavnom Natjecanju iz hrvatskog jezika, najbolje rezultate ostvarile su: Gabrijela Soldan (4.c), 1. mjesto, mentor prof. Janji\u0107, i\u00a0\u00a0Marta Rimac (1.b),\u00a0 3. mjesto, mentorica prof. \u0160obar. \u010cestitke u\u010denicima i njihovim mentorima! &nbsp; \u010cak osam natjecateljica i \u010detiri mentora sudjelovalo je ove godine na dr\u017eavnom Natjecanju iz hrvatskog jezika. Zajedni\u010dkim fotografiranjem obilje\u017eili smo [&hellip;]<\/p>\n","protected":false},"author":7,"featured_media":9492,"comment_status":"closed","ping_status":"closed","sticky":false,"template":"","format":"standard","meta":{"_et_pb_use_builder":"","_et_pb_old_content":"","_et_gb_content_width":"","footnotes":""},"categories":[4,24],"tags":[],"class_list":["post-9478","post","type-post","status-publish","format-standard","has-post-thumbnail","hentry","category-najnovije-vijesti","category-predmetna-natjecanja"],"_links":{"self":[{"href":"https:\/\/prva.hr\/index.php\/wp-json\/wp\/v2\/posts\/9478","targetHints":{"allow":["GET"]}}],"collection":[{"href":"https:\/\/prva.hr\/index.php\/wp-json\/wp\/v2\/posts"}],"about":[{"href":"https:\/\/prva.hr\/index.php\/wp-json\/wp\/v2\/types\/post"}],"author":[{"embeddable":true,"href":"https:\/\/prva.hr\/index.php\/wp-json\/wp\/v2\/users\/7"}],"replies":[{"embeddable":true,"href":"https:\/\/prva.hr\/index.php\/wp-json\/wp\/v2\/comments?post=9478"}],"version-history":[{"count":5,"href":"https:\/\/prva.hr\/index.php\/wp-json\/wp\/v2\/posts\/9478\/revisions"}],"predecessor-version":[{"id":9522,"href":"https:\/\/prva.hr\/index.php\/wp-json\/wp\/v2\/posts\/9478\/revisions\/9522"}],"wp:featuredmedia":[{"embeddable":true,"href":"https:\/\/prva.hr\/index.php\/wp-json\/wp\/v2\/media\/9492"}],"wp:attachment":[{"href":"https:\/\/prva.hr\/index.php\/wp-json\/wp\/v2\/media?parent=9478"}],"wp:term":[{"taxonomy":"category","embeddable":true,"href":"https:\/\/prva.hr\/index.php\/wp-json\/wp\/v2\/categories?post=9478"},{"taxonomy":"post_tag","embeddable":true,"href":"https:\/\/prva.hr\/index.php\/wp-json\/wp\/v2\/tags?post=9478"}],"curies":[{"name":"wp","href":"https:\/\/api.w.org\/{rel}","templated":true}]}}