{"id":948,"date":"2015-05-25T21:45:56","date_gmt":"2015-05-25T19:45:56","guid":{"rendered":"http:\/\/www2.prva.hr\/?p=948"},"modified":"2017-08-06T21:46:16","modified_gmt":"2017-08-06T19:46:16","slug":"manifestacija-hrvatska-volontira-2015","status":"publish","type":"post","link":"https:\/\/prva.hr\/index.php\/2015\/05\/25\/manifestacija-hrvatska-volontira-2015\/","title":{"rendered":"Manifestacija &#8220;Hrvatska volontira 2015.&#8221;"},"content":{"rendered":"<p>I ove godine volonteri 1. gimnazije aktivno su se uklju\u010dili u manifestaciju &#8220;Hrvatska volontira 2015.&#8221; i to sa \u010detiri aktivnosti:<\/p>\n<div>18.5.2015. &#8211; provedba akcije solidarnosti &#8220;Zagrep\u010dani Zagrep\u010danima 2015&#8221;<\/div>\n<div>21.5.2015. &#8211; volonterski kutak na Danu otvorenih vrata 1. gimnazije<\/div>\n<div>22.5.2015. &#8211; volontiranje za besku\u0107nike u pu\u010dkoj kuhinji samostana &#8220;Misionarke ljubavi &#8211; sestre Majke Terezije&#8221;<\/div>\n<div>23.5.2015. &#8211; posjet djeci Specijalne bolnice za dje\u010dje kroni\u010dne bolesti u Gornjoj Bistri<\/div>\n<div>U navedenim aktivnostima sudjelovalo je 14 volontera sa gotovo 60 sati volonterskog anga\u017emana.<\/div>\n<p>&nbsp;<\/p>\n<p><img decoding=\"async\" data-src=\"http:\/\/www.prva.hr\/images\/pdf\/hrvol.jpg\" width=\"288\" height=\"192\" border=\"0\" src=\"data:image\/svg+xml;base64,PHN2ZyB3aWR0aD0iMSIgaGVpZ2h0PSIxIiB4bWxucz0iaHR0cDovL3d3dy53My5vcmcvMjAwMC9zdmciPjwvc3ZnPg==\" class=\"lazyload\" style=\"--smush-placeholder-width: 288px; --smush-placeholder-aspect-ratio: 288\/192;\" \/> <img decoding=\"async\" data-src=\"http:\/\/www.prva.hr\/images\/pdf\/hrvol1.jpg\" width=\"260\" height=\"195\" border=\"0\" src=\"data:image\/svg+xml;base64,PHN2ZyB3aWR0aD0iMSIgaGVpZ2h0PSIxIiB4bWxucz0iaHR0cDovL3d3dy53My5vcmcvMjAwMC9zdmciPjwvc3ZnPg==\" class=\"lazyload\" style=\"--smush-placeholder-width: 260px; --smush-placeholder-aspect-ratio: 260\/195;\" \/><\/p>\n<p>&nbsp;<\/p>\n<p>Detaljan izvje\u0161taj o<strong> svim odr\u017eanim aktivnostima<\/strong> diljem Hrvatske popra\u0107en s mno\u0161tvom<strong> fotografija te <\/strong>finalni podaci o uspje\u0161nosti manifestacije nalaze se na sljede\u0107em linku:<\/p>\n<p>&nbsp;<\/p>\n<p><strong><a href=\"http:\/\/www.vcz.hr\/userfiles\/HV2015_izvjestaj_final.pdf\" target=\"_blank\">http:\/\/www.vcz.hr\/userfiles\/HV2015_izvjestaj_final.pdf<\/a><\/strong><\/p>\n","protected":false},"excerpt":{"rendered":"<p>I ove godine volonteri 1. gimnazije aktivno su se uklju\u010dili u manifestaciju &#8220;Hrvatska volontira 2015.&#8221; i to sa \u010detiri aktivnosti: 18.5.2015. &#8211; provedba akcije solidarnosti &#8220;Zagrep\u010dani Zagrep\u010danima 2015&#8221; 21.5.2015. &#8211; volonterski kutak na Danu otvorenih vrata 1. gimnazije 22.5.2015. &#8211; volontiranje za besku\u0107nike u pu\u010dkoj kuhinji samostana &#8220;Misionarke ljubavi &#8211; sestre Majke Terezije&#8221; 23.5.2015. &#8211; [&hellip;]<\/p>\n","protected":false},"author":1,"featured_media":0,"comment_status":"closed","ping_status":"closed","sticky":false,"template":"","format":"standard","meta":{"_et_pb_use_builder":"","_et_pb_old_content":"","_et_gb_content_width":"","footnotes":""},"categories":[9],"tags":[],"class_list":["post-948","post","type-post","status-publish","format-standard","hentry","category-arhiva"],"_links":{"self":[{"href":"https:\/\/prva.hr\/index.php\/wp-json\/wp\/v2\/posts\/948","targetHints":{"allow":["GET"]}}],"collection":[{"href":"https:\/\/prva.hr\/index.php\/wp-json\/wp\/v2\/posts"}],"about":[{"href":"https:\/\/prva.hr\/index.php\/wp-json\/wp\/v2\/types\/post"}],"author":[{"embeddable":true,"href":"https:\/\/prva.hr\/index.php\/wp-json\/wp\/v2\/users\/1"}],"replies":[{"embeddable":true,"href":"https:\/\/prva.hr\/index.php\/wp-json\/wp\/v2\/comments?post=948"}],"version-history":[{"count":1,"href":"https:\/\/prva.hr\/index.php\/wp-json\/wp\/v2\/posts\/948\/revisions"}],"predecessor-version":[{"id":949,"href":"https:\/\/prva.hr\/index.php\/wp-json\/wp\/v2\/posts\/948\/revisions\/949"}],"wp:attachment":[{"href":"https:\/\/prva.hr\/index.php\/wp-json\/wp\/v2\/media?parent=948"}],"wp:term":[{"taxonomy":"category","embeddable":true,"href":"https:\/\/prva.hr\/index.php\/wp-json\/wp\/v2\/categories?post=948"},{"taxonomy":"post_tag","embeddable":true,"href":"https:\/\/prva.hr\/index.php\/wp-json\/wp\/v2\/tags?post=948"}],"curies":[{"name":"wp","href":"https:\/\/api.w.org\/{rel}","templated":true}]}}