{"id":9483,"date":"2021-05-18T10:38:34","date_gmt":"2021-05-18T08:38:34","guid":{"rendered":"http:\/\/www.prva.hr\/?p=9483"},"modified":"2021-05-18T10:38:34","modified_gmt":"2021-05-18T08:38:34","slug":"uspjesan-nastup-debatnog-kluba-na-medunarodnom-turniru-u-debati","status":"publish","type":"post","link":"https:\/\/prva.hr\/index.php\/2021\/05\/18\/uspjesan-nastup-debatnog-kluba-na-medunarodnom-turniru-u-debati\/","title":{"rendered":"Uspje\u0161an nastup Debatnog kluba na Me\u0111unarodnom turniru u debati"},"content":{"rendered":"<p>Debatantice\u00a0 Debatnog kluba I. gimnazije Magdalena Mandi\u0107 (3.b), Dea Grgi\u0107 (3.c) i Zara Dautovi\u0107 (1.b) sudjelovale su na <strong>Me\u0111unarodnom turniru u debat<\/strong>i koji se odr\u017eao na engleskom jeziku na daljinu od <strong>14. do 17. svibnja 2021<\/strong>.<\/p>\n<p>U konkurenciji s\u00a0 vr\u0161njacima debatantima iz Slovenije, Austrije, Italije i\u00a0 dr. zemalja debatni tim na\u0161e \u0161kole osvojio je dvije od tri debate.<\/p>\n<p>\u010cestitamo na uspjehu i ulo\u017eenom trudu!<\/p>\n<p>&nbsp;<\/p>\n<p>&nbsp;<\/p>\n","protected":false},"excerpt":{"rendered":"<p>Debatantice\u00a0 Debatnog kluba I. gimnazije Magdalena Mandi\u0107 (3.b), Dea Grgi\u0107 (3.c) i Zara Dautovi\u0107 (1.b) sudjelovale su na Me\u0111unarodnom turniru u debati koji se odr\u017eao na engleskom jeziku na daljinu od 14. do 17. svibnja 2021. U konkurenciji s\u00a0 vr\u0161njacima debatantima iz Slovenije, Austrije, Italije i\u00a0 dr. zemalja debatni tim na\u0161e \u0161kole osvojio je dvije [&hellip;]<\/p>\n","protected":false},"author":6,"featured_media":9485,"comment_status":"closed","ping_status":"closed","sticky":false,"template":"","format":"standard","meta":{"_et_pb_use_builder":"","_et_pb_old_content":"","_et_gb_content_width":"","footnotes":""},"categories":[5,16],"tags":[],"class_list":["post-9483","post","type-post","status-publish","format-standard","has-post-thumbnail","hentry","category-aktivnosti","category-debata"],"_links":{"self":[{"href":"https:\/\/prva.hr\/index.php\/wp-json\/wp\/v2\/posts\/9483","targetHints":{"allow":["GET"]}}],"collection":[{"href":"https:\/\/prva.hr\/index.php\/wp-json\/wp\/v2\/posts"}],"about":[{"href":"https:\/\/prva.hr\/index.php\/wp-json\/wp\/v2\/types\/post"}],"author":[{"embeddable":true,"href":"https:\/\/prva.hr\/index.php\/wp-json\/wp\/v2\/users\/6"}],"replies":[{"embeddable":true,"href":"https:\/\/prva.hr\/index.php\/wp-json\/wp\/v2\/comments?post=9483"}],"version-history":[{"count":2,"href":"https:\/\/prva.hr\/index.php\/wp-json\/wp\/v2\/posts\/9483\/revisions"}],"predecessor-version":[{"id":9486,"href":"https:\/\/prva.hr\/index.php\/wp-json\/wp\/v2\/posts\/9483\/revisions\/9486"}],"wp:featuredmedia":[{"embeddable":true,"href":"https:\/\/prva.hr\/index.php\/wp-json\/wp\/v2\/media\/9485"}],"wp:attachment":[{"href":"https:\/\/prva.hr\/index.php\/wp-json\/wp\/v2\/media?parent=9483"}],"wp:term":[{"taxonomy":"category","embeddable":true,"href":"https:\/\/prva.hr\/index.php\/wp-json\/wp\/v2\/categories?post=9483"},{"taxonomy":"post_tag","embeddable":true,"href":"https:\/\/prva.hr\/index.php\/wp-json\/wp\/v2\/tags?post=9483"}],"curies":[{"name":"wp","href":"https:\/\/api.w.org\/{rel}","templated":true}]}}