{"id":960,"date":"2015-06-30T21:51:13","date_gmt":"2015-06-30T19:51:13","guid":{"rendered":"http:\/\/www2.prva.hr\/?p=960"},"modified":"2017-08-06T21:51:32","modified_gmt":"2017-08-06T19:51:32","slug":"projekt-poduzetnicko-ucenje-seecel","status":"publish","type":"post","link":"https:\/\/prva.hr\/index.php\/2015\/06\/30\/projekt-poduzetnicko-ucenje-seecel\/","title":{"rendered":"Projekt Poduzetni\u010dko u\u010denje \u2013 Seecel"},"content":{"rendered":"<p>Tijekom \u0161kolske godine 2014.\/2015. u \u0161koli se provodio projekt\u00a0<em>Poduzetni\u010dko u\u010denje<\/em>. Cilj projekta je pokrenuti uvo\u0111enje sustavnog obrazovanja za poduzetni\u0161tvo u srednjim \u0161kolama, razvijanje poduzetni\u010dke sposobnosti kod u\u010denika i nastavnika koriste\u0107i aktivne metode u\u010denja i pou\u010davanja, razvijanje samostalnosti, inovativnosti, kreativnosti i odgovornosti u radu, razvijanje socijalnih vje\u0161tina u radnom okru\u017eenju, u\u017eoj i \u0161iroj zajednici. U sklopu projekta odr\u017eale su se mnoge nastavne\u00a0 i izvannastavne aktivnosti (neke se odr\u017eavaju ve\u0107 godinama u \u0161koli, a neke su nove):\u00a0 terenske nastave, obilje\u017eavanje Dana \u0161kole, Bo\u017ei\u0107ni koncert, Maskenbal u Prvoj, humanitarna akcija Kap dobrote,\u00a0<strong>Pozdrav prolje\u0107u<\/strong> &#8211; biciklijada Prve gimnazije. Najve\u0107i dio projekta odnosio se na organizaciju i provedbu biciklijade. Suradnju na projektu \u0161kola nastavlja i sljede\u0107e godine.<\/p>\n<p>&nbsp;<\/p>\n<p>Zlata Pa\u0161tar, prof.<\/p>\n","protected":false},"excerpt":{"rendered":"<p>Tijekom \u0161kolske godine 2014.\/2015. u \u0161koli se provodio projekt\u00a0Poduzetni\u010dko u\u010denje. Cilj projekta je pokrenuti uvo\u0111enje sustavnog obrazovanja za poduzetni\u0161tvo u srednjim \u0161kolama, razvijanje poduzetni\u010dke sposobnosti kod u\u010denika i nastavnika koriste\u0107i aktivne metode u\u010denja i pou\u010davanja, razvijanje samostalnosti, inovativnosti, kreativnosti i odgovornosti u radu, razvijanje socijalnih vje\u0161tina u radnom okru\u017eenju, u\u017eoj i \u0161iroj zajednici. U sklopu [&hellip;]<\/p>\n","protected":false},"author":1,"featured_media":0,"comment_status":"closed","ping_status":"closed","sticky":false,"template":"","format":"standard","meta":{"_et_pb_use_builder":"","_et_pb_old_content":"","_et_gb_content_width":"","footnotes":""},"categories":[9],"tags":[],"class_list":["post-960","post","type-post","status-publish","format-standard","hentry","category-arhiva"],"_links":{"self":[{"href":"https:\/\/prva.hr\/index.php\/wp-json\/wp\/v2\/posts\/960","targetHints":{"allow":["GET"]}}],"collection":[{"href":"https:\/\/prva.hr\/index.php\/wp-json\/wp\/v2\/posts"}],"about":[{"href":"https:\/\/prva.hr\/index.php\/wp-json\/wp\/v2\/types\/post"}],"author":[{"embeddable":true,"href":"https:\/\/prva.hr\/index.php\/wp-json\/wp\/v2\/users\/1"}],"replies":[{"embeddable":true,"href":"https:\/\/prva.hr\/index.php\/wp-json\/wp\/v2\/comments?post=960"}],"version-history":[{"count":1,"href":"https:\/\/prva.hr\/index.php\/wp-json\/wp\/v2\/posts\/960\/revisions"}],"predecessor-version":[{"id":961,"href":"https:\/\/prva.hr\/index.php\/wp-json\/wp\/v2\/posts\/960\/revisions\/961"}],"wp:attachment":[{"href":"https:\/\/prva.hr\/index.php\/wp-json\/wp\/v2\/media?parent=960"}],"wp:term":[{"taxonomy":"category","embeddable":true,"href":"https:\/\/prva.hr\/index.php\/wp-json\/wp\/v2\/categories?post=960"},{"taxonomy":"post_tag","embeddable":true,"href":"https:\/\/prva.hr\/index.php\/wp-json\/wp\/v2\/tags?post=960"}],"curies":[{"name":"wp","href":"https:\/\/api.w.org\/{rel}","templated":true}]}}