{"id":962,"date":"2015-07-08T21:51:55","date_gmt":"2015-07-08T19:51:55","guid":{"rendered":"http:\/\/www2.prva.hr\/?p=962"},"modified":"2017-08-06T21:55:45","modified_gmt":"2017-08-06T19:55:45","slug":"gostovanje-ucenika-i-profesora-berlinske-gimnazije-heinz-berggruen","status":"publish","type":"post","link":"https:\/\/prva.hr\/index.php\/2015\/07\/08\/gostovanje-ucenika-i-profesora-berlinske-gimnazije-heinz-berggruen\/","title":{"rendered":"GOSTOVANJE U\u010cENIKA I PROFESORA BERLINSKE GIMNAZIJE \u201eHeinz Berggruen\u201c"},"content":{"rendered":"<p>U\u010denici i profesori <strong>berlinske gimnazije \u201eHeinz Berggruen\u201c,<\/strong> na studijskom putovanju u Hrvatskoj, bili su na\u0161i gosti protekloga tjedna.<\/p>\n<p><strong>U nedjelju, 5. 7. 2015<\/strong>., u\u010denici i profesori I. gimnazije, zajedno s gostima iz Njema\u010dke, posjetili su Muzej prekinutih veza.<\/p>\n<p><strong>U ponedjeljak, 6. 7. 2015.,<\/strong> u ve\u010dernjim satima, u dru\u0161tvu na\u0161ih profesora i u\u010denika, gosti su razgledali Zagreb. \u010clanovi povijesne grupe i drugi u\u010denici \u201eoboru\u017eani\u201c povijesnim znanjima predstavljali su idealne vodi\u010de.<\/p>\n<p><strong>U srijedu 8. 7. 2015. u 18.00 sati<\/strong> u I. gimnaziji \u00a0za goste je odr\u017eana prezentacija o hrvatskom obrazovnom sustavu uz razmjenu mi\u0161ljenja i iskustava. Nakon prezentacije gosti su imali priliku razgledati I. gimnaziju te podr\u017eati na\u0161e humanitarne akcije kupnjom humanitarnog suvenira \u201enarukvica prijateljstva\u201c.<\/p>\n<p>Prijateljska dru\u017eenja hrvatskih i njema\u010dkih u\u010denika realizirana su tijekom svih dana gostovanja.<\/p>\n<p>Gostovanje je provedeno u prijateljskoj atmosferi, a I. gimnazija dobila je poziv posjetiti njema\u010dke kolege u Berlinu!<\/p>\n<p>Hvala svim uklju\u010denim u\u010denicima i nastavnicima Prve!<\/p>\n<p>&nbsp;<\/p>\n<p><img width=\"275\" height=\"183\" border=\"0\" \/><\/p>\n<p>&nbsp;<\/p>\n<p><img width=\"299\" height=\"201\" border=\"0\" \/><\/p>\n<p>&nbsp;<\/p>\n<p><img width=\"275\" height=\"183\" border=\"0\" \/><\/p>\n","protected":false},"excerpt":{"rendered":"<p>U\u010denici i profesori berlinske gimnazije \u201eHeinz Berggruen\u201c, na studijskom putovanju u Hrvatskoj, bili su na\u0161i gosti protekloga tjedna. U nedjelju, 5. 7. 2015., u\u010denici i profesori I. gimnazije, zajedno s gostima iz Njema\u010dke, posjetili su Muzej prekinutih veza. U ponedjeljak, 6. 7. 2015., u ve\u010dernjim satima, u dru\u0161tvu na\u0161ih profesora i u\u010denika, gosti su razgledali [&hellip;]<\/p>\n","protected":false},"author":1,"featured_media":0,"comment_status":"closed","ping_status":"closed","sticky":false,"template":"","format":"standard","meta":{"_et_pb_use_builder":"","_et_pb_old_content":"","_et_gb_content_width":"","footnotes":""},"categories":[9],"tags":[],"class_list":["post-962","post","type-post","status-publish","format-standard","hentry","category-arhiva"],"_links":{"self":[{"href":"https:\/\/prva.hr\/index.php\/wp-json\/wp\/v2\/posts\/962","targetHints":{"allow":["GET"]}}],"collection":[{"href":"https:\/\/prva.hr\/index.php\/wp-json\/wp\/v2\/posts"}],"about":[{"href":"https:\/\/prva.hr\/index.php\/wp-json\/wp\/v2\/types\/post"}],"author":[{"embeddable":true,"href":"https:\/\/prva.hr\/index.php\/wp-json\/wp\/v2\/users\/1"}],"replies":[{"embeddable":true,"href":"https:\/\/prva.hr\/index.php\/wp-json\/wp\/v2\/comments?post=962"}],"version-history":[{"count":1,"href":"https:\/\/prva.hr\/index.php\/wp-json\/wp\/v2\/posts\/962\/revisions"}],"predecessor-version":[{"id":963,"href":"https:\/\/prva.hr\/index.php\/wp-json\/wp\/v2\/posts\/962\/revisions\/963"}],"wp:attachment":[{"href":"https:\/\/prva.hr\/index.php\/wp-json\/wp\/v2\/media?parent=962"}],"wp:term":[{"taxonomy":"category","embeddable":true,"href":"https:\/\/prva.hr\/index.php\/wp-json\/wp\/v2\/categories?post=962"},{"taxonomy":"post_tag","embeddable":true,"href":"https:\/\/prva.hr\/index.php\/wp-json\/wp\/v2\/tags?post=962"}],"curies":[{"name":"wp","href":"https:\/\/api.w.org\/{rel}","templated":true}]}}