{"id":9724,"date":"2021-07-02T09:11:10","date_gmt":"2021-07-02T07:11:10","guid":{"rendered":"http:\/\/www.prva.hr\/?p=9724"},"modified":"2021-07-07T09:06:44","modified_gmt":"2021-07-07T07:06:44","slug":"fakultativna-nastava-za-ucenike-drugih-trecih-i-cetvrtih-razreda-sk-god-2021-2022","status":"publish","type":"post","link":"https:\/\/prva.hr\/index.php\/2021\/07\/02\/fakultativna-nastava-za-ucenike-drugih-trecih-i-cetvrtih-razreda-sk-god-2021-2022\/","title":{"rendered":"Fakultativna nastava za u\u010denike drugih, tre\u0107ih i \u010detvrtih razreda \u2013 \u0161k. god. 2021.\/2022."},"content":{"rendered":"<p>Fakultativni predmeti su predmeti koje u\u010denici biraju ukoliko \u017eele. U\u010denik ne mora izabrati niti jedan fakultativni predmet, a ako \u017eeli mo\u017ee poha\u0111ati <strong>jedan ili vi\u0161e njih<\/strong>, pri \u010demu je\u00a0<strong>du\u017ean poha\u0111ati nastavu odabranog predmeta do kraja \u0161kolske godine<\/strong>. Fakultativna nastava odr\u017eava se izvan rasporeda (prije ili poslije redovne nastave), ocjenjuje se i ocjena ulazi u prosjek.<\/p>\n<p>Prijave fakultativnih predmeta zapo\u010dinju<strong> 2.7. 2021. i traju do 31.8. 2021.<\/strong> U slu\u010daju prevelikog broja prijavljenih po grupi <strong>prednost imaju ranije prijave<\/strong>. Prijaviti se mo\u017eete na mail:\u00a0<a href=\"mailto:izborni.prva@gmail.com\">izborni.prva@gmail.com<\/a><\/p>\n<p>U mailu je potrebno navesti :<\/p>\n<p><strong>1.<\/strong> Ime i prezime,<\/p>\n<p><strong>2.<\/strong> razred u \u0161k.god. 2021.\/2022.,<\/p>\n<p><strong>3.\u00a0<\/strong>odabrani fakultativni predmet\/predmete (ukoliko u\u010denik bira vi\u0161e predmeta, potrebno ih je rangirati prema prioritetima jer je mogu\u0107e da \u0107e se neki predmeti izvoditi u istom terminu)<\/p>\n<p><a href=\"https:\/\/www.prva.hr\/wp-content\/uploads\/2021\/07\/FAKULTATIVNI-PREDMETI-ZA.docx\">Popisi ponu\u0111enih fakultativnih predmeta<\/a><\/p>\n<p>U\u010denici drugih, tre\u0107ih i \u010detvrtih razreda koji \u017eele poha\u0111ati neki fakultativni predmet trebaju p<strong>opunjeni i potpisani obrazac od strane roditelja ili skrbnika<\/strong> donijeti u referadu <strong>najkasnije do 31.8.2021<\/strong>. U slu\u010daju da u\u010denik \u017eeli odabrati vi\u0161e fakultativnih predmeta treba popuniti samo jedan obrazac, a predmete rangirati prema prioritetima.<\/p>\n<p>Obrasci se nalaze na sljede\u0107im poveznicama:<\/p>\n<p><a href=\"https:\/\/www.prva.hr\/wp-content\/uploads\/2021\/07\/Obrazac-za-fakultativnu-nastavu-2.-razred-1-1.docx\">Drugi razred<\/a><\/p>\n<p><a href=\"https:\/\/www.prva.hr\/wp-content\/uploads\/2021\/07\/Obrazac-za-fakultativnu-nastavu-3.-razred-1.docx\">Tre\u0107i razred<\/a><\/p>\n<p><a href=\"https:\/\/www.prva.hr\/wp-content\/uploads\/2021\/07\/Obrazac-za-fakultativnu-nastavu-4.-razred-2.docx\">\u010cetvrti razred<\/a><\/p>\n","protected":false},"excerpt":{"rendered":"<p>Fakultativni predmeti su predmeti koje u\u010denici biraju ukoliko \u017eele. U\u010denik ne mora izabrati niti jedan fakultativni predmet, a ako \u017eeli mo\u017ee poha\u0111ati jedan ili vi\u0161e njih, pri \u010demu je\u00a0du\u017ean poha\u0111ati nastavu odabranog predmeta do kraja \u0161kolske godine. Fakultativna nastava odr\u017eava se izvan rasporeda (prije ili poslije redovne nastave), ocjenjuje se i ocjena ulazi u prosjek. [&hellip;]<\/p>\n","protected":false},"author":7,"featured_media":0,"comment_status":"closed","ping_status":"closed","sticky":false,"template":"","format":"standard","meta":{"_et_pb_use_builder":"","_et_pb_old_content":"","_et_gb_content_width":"","footnotes":""},"categories":[4],"tags":[],"class_list":["post-9724","post","type-post","status-publish","format-standard","hentry","category-najnovije-vijesti"],"_links":{"self":[{"href":"https:\/\/prva.hr\/index.php\/wp-json\/wp\/v2\/posts\/9724","targetHints":{"allow":["GET"]}}],"collection":[{"href":"https:\/\/prva.hr\/index.php\/wp-json\/wp\/v2\/posts"}],"about":[{"href":"https:\/\/prva.hr\/index.php\/wp-json\/wp\/v2\/types\/post"}],"author":[{"embeddable":true,"href":"https:\/\/prva.hr\/index.php\/wp-json\/wp\/v2\/users\/7"}],"replies":[{"embeddable":true,"href":"https:\/\/prva.hr\/index.php\/wp-json\/wp\/v2\/comments?post=9724"}],"version-history":[{"count":6,"href":"https:\/\/prva.hr\/index.php\/wp-json\/wp\/v2\/posts\/9724\/revisions"}],"predecessor-version":[{"id":9784,"href":"https:\/\/prva.hr\/index.php\/wp-json\/wp\/v2\/posts\/9724\/revisions\/9784"}],"wp:attachment":[{"href":"https:\/\/prva.hr\/index.php\/wp-json\/wp\/v2\/media?parent=9724"}],"wp:term":[{"taxonomy":"category","embeddable":true,"href":"https:\/\/prva.hr\/index.php\/wp-json\/wp\/v2\/categories?post=9724"},{"taxonomy":"post_tag","embeddable":true,"href":"https:\/\/prva.hr\/index.php\/wp-json\/wp\/v2\/tags?post=9724"}],"curies":[{"name":"wp","href":"https:\/\/api.w.org\/{rel}","templated":true}]}}