{"id":9740,"date":"2021-07-06T12:50:17","date_gmt":"2021-07-06T10:50:17","guid":{"rendered":"http:\/\/www.prva.hr\/?p=9740"},"modified":"2021-07-07T10:58:50","modified_gmt":"2021-07-07T08:58:50","slug":"fakultativna-nastava-za-ucenike-prvih-razreda-sk-god-2021-2022","status":"publish","type":"post","link":"https:\/\/prva.hr\/index.php\/2021\/07\/06\/fakultativna-nastava-za-ucenike-prvih-razreda-sk-god-2021-2022\/","title":{"rendered":"Fakultativna nastava za u\u010denike prvih razreda \u2013 \u0161k. god. 2021.\/2022."},"content":{"rendered":"<p>Fakultativni predmeti su predmeti koje u\u010denici biraju ukoliko \u017eele. U\u010denik ne mora izabrati niti jedan fakultativni predmet, a ako \u017eeli mo\u017ee poha\u0111ati jedan ili vi\u0161e njih, pri \u010demu je\u00a0<strong>du\u017ean poha\u0111ati nastavu odabranog predmeta do kraja \u0161kolske godine<\/strong>. Fakultativna nastava odr\u017eava se jednom tjedno u trajanju 1 \u0161kolskog sata izvan rasporeda (prije ili poslije redovne nastave), ocjenjuje se i ocjena ulazi u prosjek.<\/p>\n<p>U\u010denici koji \u017eele poha\u0111ati neki fakultativni predmet trebaju popunjeni i potpisani obrazac od strane roditelja ili skrbnika\u00a0<strong>donijeti na upise u 1. razred<\/strong>\u00a0ili\u00a0<strong>poslati na mail adresu zajedno sa svim dokumentima potrebnim za upis u 1. razred.<\/strong>\u00a0U slu\u010daju prevelikog broja prijavljenih po grupi prednost imaju ranije prijave. U slu\u010daju da u\u010denik \u017eeli odabrati vi\u0161e fakultativnih predmeta treba popuniti samo jedan obrazac, a predmete rangirati prema prioritetima jer je mogu\u0107e da \u0107e se neki predmeti izvoditi u istom terminu.<\/p>\n<p>Obrazac i popis fakultativnih predmeta mo\u017eete pogledati <a href=\"https:\/\/www.prva.hr\/wp-content\/uploads\/2021\/07\/Obrazac-za-fakultativnu-nastavu-1.-razred-1.docx\">ovdje.<\/a><\/p>\n","protected":false},"excerpt":{"rendered":"<p>Fakultativni predmeti su predmeti koje u\u010denici biraju ukoliko \u017eele. U\u010denik ne mora izabrati niti jedan fakultativni predmet, a ako \u017eeli mo\u017ee poha\u0111ati jedan ili vi\u0161e njih, pri \u010demu je\u00a0du\u017ean poha\u0111ati nastavu odabranog predmeta do kraja \u0161kolske godine. Fakultativna nastava odr\u017eava se jednom tjedno u trajanju 1 \u0161kolskog sata izvan rasporeda (prije ili poslije redovne nastave), [&hellip;]<\/p>\n","protected":false},"author":7,"featured_media":0,"comment_status":"closed","ping_status":"closed","sticky":false,"template":"","format":"standard","meta":{"_et_pb_use_builder":"","_et_pb_old_content":"","_et_gb_content_width":"","footnotes":""},"categories":[4,39],"tags":[],"class_list":["post-9740","post","type-post","status-publish","format-standard","hentry","category-najnovije-vijesti","category-nastava-fakultativna-nastava"],"_links":{"self":[{"href":"https:\/\/prva.hr\/index.php\/wp-json\/wp\/v2\/posts\/9740","targetHints":{"allow":["GET"]}}],"collection":[{"href":"https:\/\/prva.hr\/index.php\/wp-json\/wp\/v2\/posts"}],"about":[{"href":"https:\/\/prva.hr\/index.php\/wp-json\/wp\/v2\/types\/post"}],"author":[{"embeddable":true,"href":"https:\/\/prva.hr\/index.php\/wp-json\/wp\/v2\/users\/7"}],"replies":[{"embeddable":true,"href":"https:\/\/prva.hr\/index.php\/wp-json\/wp\/v2\/comments?post=9740"}],"version-history":[{"count":5,"href":"https:\/\/prva.hr\/index.php\/wp-json\/wp\/v2\/posts\/9740\/revisions"}],"predecessor-version":[{"id":9785,"href":"https:\/\/prva.hr\/index.php\/wp-json\/wp\/v2\/posts\/9740\/revisions\/9785"}],"wp:attachment":[{"href":"https:\/\/prva.hr\/index.php\/wp-json\/wp\/v2\/media?parent=9740"}],"wp:term":[{"taxonomy":"category","embeddable":true,"href":"https:\/\/prva.hr\/index.php\/wp-json\/wp\/v2\/categories?post=9740"},{"taxonomy":"post_tag","embeddable":true,"href":"https:\/\/prva.hr\/index.php\/wp-json\/wp\/v2\/tags?post=9740"}],"curies":[{"name":"wp","href":"https:\/\/api.w.org\/{rel}","templated":true}]}}