{"id":9820,"date":"2021-08-23T10:40:25","date_gmt":"2021-08-23T08:40:25","guid":{"rendered":"https:\/\/www.prva.hr\/?p=9820"},"modified":"2021-08-23T10:40:25","modified_gmt":"2021-08-23T08:40:25","slug":"produljenje-ili-izrada-pretplatnih-karata-za-ucenike","status":"publish","type":"post","link":"https:\/\/prva.hr\/index.php\/2021\/08\/23\/produljenje-ili-izrada-pretplatnih-karata-za-ucenike\/","title":{"rendered":"PRODULJENJE ILI IZRADA PRETPLATNIH KARATA ZA U\u010cENIKE"},"content":{"rendered":"<div class=\"gmail_default\"><b><span style=\"color: #414f5a;\">Od\u00a0<\/span><span style=\"color: #ff0000;\">2. rujna<\/span><span style=\"color: #414f5a;\">,\u00a0 bit \u0107e omogu\u0107eno i znatno jednostavnije produljenje postoje\u0107ih Pretplatnih karata za javni gradski prijevoz, koje \u0107e se mo\u0107i obaviti na svim prodajnim mjestima ZET-a, kao i kioscima ugovornih partnera (Tisak i iNovine)\u00a0<\/span><span style=\"color: #ff0000;\">bez ovjere Zahtjeva u \u0161koli.<\/span><\/b><\/div>\n<p>Vi\u0161e informacija mo\u017eete prona\u0107i na linku:<\/p>\n<p><a href=\"https:\/\/www.zet.hr\/aktualnosti\/vijesti\/produljenje-ili-izrada-pretplatnih-karata-za-ucenike-i-studente\/499\">https:\/\/www.zet.hr\/aktualnosti\/vijesti\/produljenje-ili-izrada-pretplatnih-karata-za-ucenike-i-studente\/499<\/a><\/p>\n","protected":false},"excerpt":{"rendered":"<p>Od\u00a02. rujna,\u00a0 bit \u0107e omogu\u0107eno i znatno jednostavnije produljenje postoje\u0107ih Pretplatnih karata za javni gradski prijevoz, koje \u0107e se mo\u0107i obaviti na svim prodajnim mjestima ZET-a, kao i kioscima ugovornih partnera (Tisak i iNovine)\u00a0bez ovjere Zahtjeva u \u0161koli. Vi\u0161e informacija mo\u017eete prona\u0107i na linku: https:\/\/www.zet.hr\/aktualnosti\/vijesti\/produljenje-ili-izrada-pretplatnih-karata-za-ucenike-i-studente\/499<\/p>\n","protected":false},"author":7,"featured_media":0,"comment_status":"closed","ping_status":"closed","sticky":false,"template":"","format":"standard","meta":{"_et_pb_use_builder":"","_et_pb_old_content":"","_et_gb_content_width":"","footnotes":""},"categories":[6,61],"tags":[],"class_list":["post-9820","post","type-post","status-publish","format-standard","hentry","category-aktualna-dogadanja","category-vanjski-korisnici-korisne-poveznice"],"_links":{"self":[{"href":"https:\/\/prva.hr\/index.php\/wp-json\/wp\/v2\/posts\/9820","targetHints":{"allow":["GET"]}}],"collection":[{"href":"https:\/\/prva.hr\/index.php\/wp-json\/wp\/v2\/posts"}],"about":[{"href":"https:\/\/prva.hr\/index.php\/wp-json\/wp\/v2\/types\/post"}],"author":[{"embeddable":true,"href":"https:\/\/prva.hr\/index.php\/wp-json\/wp\/v2\/users\/7"}],"replies":[{"embeddable":true,"href":"https:\/\/prva.hr\/index.php\/wp-json\/wp\/v2\/comments?post=9820"}],"version-history":[{"count":1,"href":"https:\/\/prva.hr\/index.php\/wp-json\/wp\/v2\/posts\/9820\/revisions"}],"predecessor-version":[{"id":9821,"href":"https:\/\/prva.hr\/index.php\/wp-json\/wp\/v2\/posts\/9820\/revisions\/9821"}],"wp:attachment":[{"href":"https:\/\/prva.hr\/index.php\/wp-json\/wp\/v2\/media?parent=9820"}],"wp:term":[{"taxonomy":"category","embeddable":true,"href":"https:\/\/prva.hr\/index.php\/wp-json\/wp\/v2\/categories?post=9820"},{"taxonomy":"post_tag","embeddable":true,"href":"https:\/\/prva.hr\/index.php\/wp-json\/wp\/v2\/tags?post=9820"}],"curies":[{"name":"wp","href":"https:\/\/api.w.org\/{rel}","templated":true}]}}