{"id":9843,"date":"2021-08-27T13:59:38","date_gmt":"2021-08-27T11:59:38","guid":{"rendered":"https:\/\/www.prva.hr\/?p=9843"},"modified":"2021-08-27T14:00:37","modified_gmt":"2021-08-27T12:00:37","slug":"podjela-udzbenika-za-ucenike-i-ucenice-prvih-razreda-vazno","status":"publish","type":"post","link":"https:\/\/prva.hr\/index.php\/2021\/08\/27\/podjela-udzbenika-za-ucenike-i-ucenice-prvih-razreda-vazno\/","title":{"rendered":"Podjela ud\u017ebenika za u\u010denike i u\u010denice prvih razreda &#8211; VA\u017dNO!"},"content":{"rendered":"<p>Dragi roditelji\/skrbnici,<br \/>\ndragi u\u010denici, drage u\u010denice<strong> prvih razreda,<\/strong><\/p>\n<p>od ponedjeljka, <span style=\"text-decoration: underline;\"><strong>30. kolovoza do 3. rujna<\/strong><\/span> od <strong>10 &#8211; 12 sati<\/strong> mo\u017eete podi\u0107i svoj komplet ud\u017ebenika.<\/p>\n<p>Preuzimanje \u0107e biti u staklenoj prostoriji u prizemlju \u0161kole.<br \/>\nPonesite bilo kakav dokument sa fotografijom.<br \/>\nAko imate kakvih pitanja, slobodno pi\u0161ite na mail: knjiznica.prve@gmail.com<\/p>\n<p>&nbsp;<\/p>\n","protected":false},"excerpt":{"rendered":"<p>Dragi roditelji\/skrbnici, dragi u\u010denici, drage u\u010denice prvih razreda, od ponedjeljka, 30. kolovoza do 3. rujna od 10 &#8211; 12 sati mo\u017eete podi\u0107i svoj komplet ud\u017ebenika. Preuzimanje \u0107e biti u staklenoj prostoriji u prizemlju \u0161kole. Ponesite bilo kakav dokument sa fotografijom. Ako imate kakvih pitanja, slobodno pi\u0161ite na mail: knjiznica.prve@gmail.com &nbsp;<\/p>\n","protected":false},"author":9,"featured_media":0,"comment_status":"closed","ping_status":"closed","sticky":false,"template":"","format":"standard","meta":{"_et_pb_use_builder":"","_et_pb_old_content":"","_et_gb_content_width":"","footnotes":""},"categories":[5,6,9,4],"tags":[],"class_list":["post-9843","post","type-post","status-publish","format-standard","hentry","category-aktivnosti","category-aktualna-dogadanja","category-arhiva","category-najnovije-vijesti"],"_links":{"self":[{"href":"https:\/\/prva.hr\/index.php\/wp-json\/wp\/v2\/posts\/9843","targetHints":{"allow":["GET"]}}],"collection":[{"href":"https:\/\/prva.hr\/index.php\/wp-json\/wp\/v2\/posts"}],"about":[{"href":"https:\/\/prva.hr\/index.php\/wp-json\/wp\/v2\/types\/post"}],"author":[{"embeddable":true,"href":"https:\/\/prva.hr\/index.php\/wp-json\/wp\/v2\/users\/9"}],"replies":[{"embeddable":true,"href":"https:\/\/prva.hr\/index.php\/wp-json\/wp\/v2\/comments?post=9843"}],"version-history":[{"count":2,"href":"https:\/\/prva.hr\/index.php\/wp-json\/wp\/v2\/posts\/9843\/revisions"}],"predecessor-version":[{"id":9845,"href":"https:\/\/prva.hr\/index.php\/wp-json\/wp\/v2\/posts\/9843\/revisions\/9845"}],"wp:attachment":[{"href":"https:\/\/prva.hr\/index.php\/wp-json\/wp\/v2\/media?parent=9843"}],"wp:term":[{"taxonomy":"category","embeddable":true,"href":"https:\/\/prva.hr\/index.php\/wp-json\/wp\/v2\/categories?post=9843"},{"taxonomy":"post_tag","embeddable":true,"href":"https:\/\/prva.hr\/index.php\/wp-json\/wp\/v2\/tags?post=9843"}],"curies":[{"name":"wp","href":"https:\/\/api.w.org\/{rel}","templated":true}]}}