{"id":9857,"date":"2021-09-01T10:01:39","date_gmt":"2021-09-01T08:01:39","guid":{"rendered":"https:\/\/www.prva.hr\/?p=9857"},"modified":"2021-09-01T14:04:57","modified_gmt":"2021-09-01T12:04:57","slug":"zaklada-akica-dodijelila-prvu-potporu-za-nastavak-skolovanja","status":"publish","type":"post","link":"https:\/\/prva.hr\/index.php\/2021\/09\/01\/zaklada-akica-dodijelila-prvu-potporu-za-nastavak-skolovanja\/","title":{"rendered":"Prva nov\u010dana potpora za nastavak \u0161kolovanja Zaklade I. gimnazije Akica"},"content":{"rendered":"<p>U utorak 31. kolovoza 2021. Upravni odbor <strong>Zaklade I. gimnazije Akica,<\/strong> temeljem odr\u017eanog natje\u010daja i uspje\u0161nog motivacijskog razgovora, donio je odluku o dodijeli\u00a0\u00a0<strong>prve nov\u010dane potpore u obrazovne svrhe<\/strong>\u00a0u vrijednosti <strong>18.000 kuna<\/strong> maturantici 4.f razreda <strong>Korani Bugarinovski.<\/strong><\/p>\n<p>I. gimnazija je jedna od rijetkih \u0161kola koje imaju svoju zakladu.\u00a0 Zaklada I. gimnazije Akica za pru\u017eanje nov\u010dane potpore nastavku \u0161kolovanja u\u010denika na po\u010detku studija, osnovana je 2020. zahvaljuju\u0107i velikodu\u0161nosti i nov\u010danoj donaciji gospo\u0111e Ivanke Canki. Vi\u0161e na:<a href=\"https:\/\/www.prva.hr\/index.php\/2020\/12\/03\/zaklada-akica-u-medijima\/\">https:\/\/www.prva.hr\/index.php\/2020\/12\/03<\/a><a href=\"https:\/\/www.prva.hr\/index.php\/2020\/12\/03\/zaklada-akica-u-medijima\/\">\/zaklada-akica-u-medijima\/<\/a><\/p>\n<p>Maturantica Korana Bugarinovski\u00a0 bila je odli\u010dna\u00a0 i svestrana u\u010denica I. gimnazije, predsjednica Vije\u0107a u\u010denika, \u010dlanica\u00a0 \u0161kolske dramske skupine te voditeljica brojnih \u0161kolskih priredbi i sve\u010danosti. Uspje\u0161no je upisala \u017eeljeni studij Anglistike i Portugalskoga jezika i knji\u017eevnosti na Filozofskom fakultetu u Zagrebu. Korana dolazi iz vi\u0161e\u010dlane obitelji,\u00a0 a vedrina i dru\u017eeljubivost njezin su za\u0161titni znak, usprkos svemu \u0161to \u017eivot zna donijeti.<\/p>\n<p>\u010cestitke Korani, \u017eelimo joj puno sre\u0107e u daljnjem obrazovanju!<\/p>\n<p>&nbsp;<\/p>\n<p>&nbsp;<\/p>\n","protected":false},"excerpt":{"rendered":"<p>U utorak 31. kolovoza 2021. Upravni odbor Zaklade I. gimnazije Akica, temeljem odr\u017eanog natje\u010daja i uspje\u0161nog motivacijskog razgovora, donio je odluku o dodijeli\u00a0\u00a0prve nov\u010dane potpore u obrazovne svrhe\u00a0u vrijednosti 18.000 kuna maturantici 4.f razreda Korani Bugarinovski. I. gimnazija je jedna od rijetkih \u0161kola koje imaju svoju zakladu.\u00a0 Zaklada I. gimnazije Akica za pru\u017eanje nov\u010dane potpore [&hellip;]<\/p>\n","protected":false},"author":6,"featured_media":9860,"comment_status":"closed","ping_status":"closed","sticky":false,"template":"","format":"standard","meta":{"_et_pb_use_builder":"","_et_pb_old_content":"","_et_gb_content_width":"","footnotes":""},"categories":[4,79],"tags":[],"class_list":["post-9857","post","type-post","status-publish","format-standard","has-post-thumbnail","hentry","category-najnovije-vijesti","category-zaklada"],"_links":{"self":[{"href":"https:\/\/prva.hr\/index.php\/wp-json\/wp\/v2\/posts\/9857","targetHints":{"allow":["GET"]}}],"collection":[{"href":"https:\/\/prva.hr\/index.php\/wp-json\/wp\/v2\/posts"}],"about":[{"href":"https:\/\/prva.hr\/index.php\/wp-json\/wp\/v2\/types\/post"}],"author":[{"embeddable":true,"href":"https:\/\/prva.hr\/index.php\/wp-json\/wp\/v2\/users\/6"}],"replies":[{"embeddable":true,"href":"https:\/\/prva.hr\/index.php\/wp-json\/wp\/v2\/comments?post=9857"}],"version-history":[{"count":10,"href":"https:\/\/prva.hr\/index.php\/wp-json\/wp\/v2\/posts\/9857\/revisions"}],"predecessor-version":[{"id":9869,"href":"https:\/\/prva.hr\/index.php\/wp-json\/wp\/v2\/posts\/9857\/revisions\/9869"}],"wp:featuredmedia":[{"embeddable":true,"href":"https:\/\/prva.hr\/index.php\/wp-json\/wp\/v2\/media\/9860"}],"wp:attachment":[{"href":"https:\/\/prva.hr\/index.php\/wp-json\/wp\/v2\/media?parent=9857"}],"wp:term":[{"taxonomy":"category","embeddable":true,"href":"https:\/\/prva.hr\/index.php\/wp-json\/wp\/v2\/categories?post=9857"},{"taxonomy":"post_tag","embeddable":true,"href":"https:\/\/prva.hr\/index.php\/wp-json\/wp\/v2\/tags?post=9857"}],"curies":[{"name":"wp","href":"https:\/\/api.w.org\/{rel}","templated":true}]}}