{"id":9895,"date":"2021-09-08T08:54:13","date_gmt":"2021-09-08T06:54:13","guid":{"rendered":"https:\/\/www.prva.hr\/?p=9895"},"modified":"2021-09-08T11:05:31","modified_gmt":"2021-09-08T09:05:31","slug":"predstavljena-judita-za-novu-generaciju-temeljno-djelo-hrvatske-knjizevnosti-dobilo-je-moderni-prijevod","status":"publish","type":"post","link":"https:\/\/prva.hr\/index.php\/2021\/09\/08\/predstavljena-judita-za-novu-generaciju-temeljno-djelo-hrvatske-knjizevnosti-dobilo-je-moderni-prijevod\/","title":{"rendered":"Predstavljena Judita za novu generaciju: Temeljno djelo hrvatske knji\u017eevnosti dobilo je moderni prijevod"},"content":{"rendered":"<p>&nbsp;<\/p>\n<p>U predstavljanju novog suvremenog \u010ditanja Judite, ju\u010der su u Zagrebu u I. gimnaziji uz u\u010denike i ravnateljicu I. gimnazije\u00a0<strong>Dunju Maru\u0161i\u0107 Brezeti\u0107<\/strong>, bili i glavni urednik Jutarnjeg lista<strong>\u00a0Goran Ogurli\u0107<\/strong>, ravnatelj Instituta za hrvatski jezik i jezikoslovlje dr. sc.\u00a0<strong>\u017deljko Jozi\u0107<\/strong>, ministar znanosti i obrazovanja, dr. sc.\u00a0<strong>Radovan Fuchs<\/strong>\u00a0i ministrica kulture i medija dr.sc.\u00a0<strong>Nina Obuljen Kor\u017einek<\/strong>.<\/p>\n<p>&nbsp;<\/p>\n<p>Vi\u0161e pro\u010ditajte na linku:\u00a0<a href=\"https:\/\/www.jutarnji.hr\/kultura\/knjizevnost\/predstavljena-judita-za-novu-generaciju-temeljno-djelo-hrvatske-knjizevnosti-dobilo-je-moderni-prijevod-15100535\">https:\/\/www.jutarnji.hr\/kultura\/knjizevnost\/predstavljena-judita-za-novu-generaciju-temeljno-djelo-hrvatske-knjizevnosti-dobilo-je-moderni-prijevod-15100535<\/a><\/p>\n","protected":false},"excerpt":{"rendered":"<p>&nbsp; U predstavljanju novog suvremenog \u010ditanja Judite, ju\u010der su u Zagrebu u I. gimnaziji uz u\u010denike i ravnateljicu I. gimnazije\u00a0Dunju Maru\u0161i\u0107 Brezeti\u0107, bili i glavni urednik Jutarnjeg lista\u00a0Goran Ogurli\u0107, ravnatelj Instituta za hrvatski jezik i jezikoslovlje dr. sc.\u00a0\u017deljko Jozi\u0107, ministar znanosti i obrazovanja, dr. sc.\u00a0Radovan Fuchs\u00a0i ministrica kulture i medija dr.sc.\u00a0Nina Obuljen Kor\u017einek. &nbsp; Vi\u0161e [&hellip;]<\/p>\n","protected":false},"author":7,"featured_media":9901,"comment_status":"closed","ping_status":"closed","sticky":false,"template":"","format":"standard","meta":{"_et_pb_use_builder":"","_et_pb_old_content":"","_et_gb_content_width":"","footnotes":""},"categories":[52,4],"tags":[],"class_list":["post-9895","post","type-post","status-publish","format-standard","has-post-thumbnail","hentry","category-mediji-skola-u-medijima","category-najnovije-vijesti"],"_links":{"self":[{"href":"https:\/\/prva.hr\/index.php\/wp-json\/wp\/v2\/posts\/9895","targetHints":{"allow":["GET"]}}],"collection":[{"href":"https:\/\/prva.hr\/index.php\/wp-json\/wp\/v2\/posts"}],"about":[{"href":"https:\/\/prva.hr\/index.php\/wp-json\/wp\/v2\/types\/post"}],"author":[{"embeddable":true,"href":"https:\/\/prva.hr\/index.php\/wp-json\/wp\/v2\/users\/7"}],"replies":[{"embeddable":true,"href":"https:\/\/prva.hr\/index.php\/wp-json\/wp\/v2\/comments?post=9895"}],"version-history":[{"count":3,"href":"https:\/\/prva.hr\/index.php\/wp-json\/wp\/v2\/posts\/9895\/revisions"}],"predecessor-version":[{"id":9904,"href":"https:\/\/prva.hr\/index.php\/wp-json\/wp\/v2\/posts\/9895\/revisions\/9904"}],"wp:featuredmedia":[{"embeddable":true,"href":"https:\/\/prva.hr\/index.php\/wp-json\/wp\/v2\/media\/9901"}],"wp:attachment":[{"href":"https:\/\/prva.hr\/index.php\/wp-json\/wp\/v2\/media?parent=9895"}],"wp:term":[{"taxonomy":"category","embeddable":true,"href":"https:\/\/prva.hr\/index.php\/wp-json\/wp\/v2\/categories?post=9895"},{"taxonomy":"post_tag","embeddable":true,"href":"https:\/\/prva.hr\/index.php\/wp-json\/wp\/v2\/tags?post=9895"}],"curies":[{"name":"wp","href":"https:\/\/api.w.org\/{rel}","templated":true}]}}