{"id":9930,"date":"2021-09-10T11:46:29","date_gmt":"2021-09-10T09:46:29","guid":{"rendered":"https:\/\/www.prva.hr\/?p=9930"},"modified":"2021-09-10T11:51:37","modified_gmt":"2021-09-10T09:51:37","slug":"obiljezavanje-svjetskog-dana-prevencije-samoubojstava-10-rujna","status":"publish","type":"post","link":"https:\/\/prva.hr\/index.php\/2021\/09\/10\/obiljezavanje-svjetskog-dana-prevencije-samoubojstava-10-rujna\/","title":{"rendered":"Obilje\u017eavanje Svjetskog dana prevencije samoubojstava 10.rujna"},"content":{"rendered":"<div><span style=\"font-family: trebuchet ms, sans-serif;\">U okviru \u0160kolskih preventivnih strategija, a\u00a0 povodom <strong>Svjetskog dana prevencije samoubojstva<\/strong>, koji se svake godine obilje\u017eava 10. rujna,\u00a0<\/span><span style=\"font-family: 'trebuchet ms', sans-serif;\">Poliklinika za za\u0161titu djece i mladih Grada Zagreba izdala je<\/span><span style=\"font-family: 'trebuchet ms', sans-serif;\">\u00a0novi\u00a0priru\u010dnik za stru\u010dnjake i roditelje <strong>&#8220;Suicidalnost u djece i adolescenata&#8221;<\/strong>.<\/span><\/div>\n<div><span style=\"font-family: trebuchet ms, sans-serif;\">Autorice priru\u010dnika su doc. prim. dr. sc. Vlatka Bori\u010devi\u0107 Mar\u0161ani\u0107, specijalist psihijatar, subspecijalistica dje\u010dje i adolescentne psihijatrije, ravnateljica Poliklinike\u00a0prof. dr. sc. Gordana Buljan Flander, psihologinja i psihoterapeutkinja te psihologinja Tea Brezin\u0161\u0107ak.\u00a0\u00a0<\/span><span style=\"font-family: trebuchet ms, sans-serif;\">Priru\u010dnik nosi glavnu poruku Svjetske zdravstvene organizacije da se, uz stru\u010dnu pomo\u0107, samoubojstvo mo\u017ee sprije\u010diti. Dostupan je na poveznici:\u00a0<a href=\"https:\/\/www.prva.hr\/wp-content\/uploads\/2021\/09\/Suicidalnost-u-djece-i-mladih_10.9.2021..pdf\">Suicidalnost-u-djece-i-mladih_10.9.2021.<\/a><\/span><\/div>\n<div><\/div>\n<div><\/div>\n<div>Tako\u0111er, tijekom tjedna kada se obilje\u017eava Svjetski dan prevencije samoubojstva, u I. gimnaziji je\u00a0 6.9.2021. odr\u017eano predavanje za \u010dlanove Nastavni\u010dkog vije\u0107a na temu <strong>&#8220;Za\u0161tita mentalnog zdravlja mladih- izazovi u adolescenciji&#8221;. <\/strong>Predavanje je odr\u017eala mr. Andreja Radi\u0107, dipl. soc. radnica ispred Slu\u017ebe za mentalno zdravlje i prevenciju ovisnosti HZJZ &#8220;Dr. A. \u0160tampar&#8221; u okviru provedbe preventivnog programa <strong>&#8220;Ja\u010danje kompetencija u radu s mladima&#8221;<\/strong>.<\/div>\n","protected":false},"excerpt":{"rendered":"<p>U okviru \u0160kolskih preventivnih strategija, a\u00a0 povodom Svjetskog dana prevencije samoubojstva, koji se svake godine obilje\u017eava 10. rujna,\u00a0Poliklinika za za\u0161titu djece i mladih Grada Zagreba izdala je\u00a0novi\u00a0priru\u010dnik za stru\u010dnjake i roditelje &#8220;Suicidalnost u djece i adolescenata&#8221;. Autorice priru\u010dnika su doc. prim. dr. sc. Vlatka Bori\u010devi\u0107 Mar\u0161ani\u0107, specijalist psihijatar, subspecijalistica dje\u010dje i adolescentne psihijatrije, ravnateljica Poliklinike\u00a0prof. [&hellip;]<\/p>\n","protected":false},"author":6,"featured_media":9932,"comment_status":"closed","ping_status":"closed","sticky":false,"template":"","format":"standard","meta":{"_et_pb_use_builder":"","_et_pb_old_content":"","_et_gb_content_width":"","footnotes":""},"categories":[13,61],"tags":[],"class_list":["post-9930","post","type-post","status-publish","format-standard","has-post-thumbnail","hentry","category-preventivni-program","category-vanjski-korisnici-korisne-poveznice"],"_links":{"self":[{"href":"https:\/\/prva.hr\/index.php\/wp-json\/wp\/v2\/posts\/9930","targetHints":{"allow":["GET"]}}],"collection":[{"href":"https:\/\/prva.hr\/index.php\/wp-json\/wp\/v2\/posts"}],"about":[{"href":"https:\/\/prva.hr\/index.php\/wp-json\/wp\/v2\/types\/post"}],"author":[{"embeddable":true,"href":"https:\/\/prva.hr\/index.php\/wp-json\/wp\/v2\/users\/6"}],"replies":[{"embeddable":true,"href":"https:\/\/prva.hr\/index.php\/wp-json\/wp\/v2\/comments?post=9930"}],"version-history":[{"count":6,"href":"https:\/\/prva.hr\/index.php\/wp-json\/wp\/v2\/posts\/9930\/revisions"}],"predecessor-version":[{"id":9940,"href":"https:\/\/prva.hr\/index.php\/wp-json\/wp\/v2\/posts\/9930\/revisions\/9940"}],"wp:featuredmedia":[{"embeddable":true,"href":"https:\/\/prva.hr\/index.php\/wp-json\/wp\/v2\/media\/9932"}],"wp:attachment":[{"href":"https:\/\/prva.hr\/index.php\/wp-json\/wp\/v2\/media?parent=9930"}],"wp:term":[{"taxonomy":"category","embeddable":true,"href":"https:\/\/prva.hr\/index.php\/wp-json\/wp\/v2\/categories?post=9930"},{"taxonomy":"post_tag","embeddable":true,"href":"https:\/\/prva.hr\/index.php\/wp-json\/wp\/v2\/tags?post=9930"}],"curies":[{"name":"wp","href":"https:\/\/api.w.org\/{rel}","templated":true}]}}